{"id":6,"date":"2016-11-09T20:27:24","date_gmt":"2016-11-09T19:27:24","guid":{"rendered":"https:\/\/toi-tu.eu.org\/?p=6"},"modified":"2016-12-08T22:08:06","modified_gmt":"2016-12-08T21:08:06","slug":"spectacle-notre-heros-a-la-fondation-de-lallemagne","status":"publish","type":"post","link":"https:\/\/toi-tu.eu.org\/index.php\/2016\/11\/09\/spectacle-notre-heros-a-la-fondation-de-lallemagne\/","title":{"rendered":"Spectacle &#8220;Notre h\u00e9ros&#8221; \u00e0 la fondation de l&#8217;Allemagne"},"content":{"rendered":"<p>Nous vous invitons au spectacle &#8220;Notre h\u00e9ros&#8221; adapt\u00e9 du r\u00e9cit de Claire Tencin et jou\u00e9 par deux com\u00e9diens, Aur\u00e9lien Huguenin et Jihane Saouma, le mercredi 7 d\u00e9cembre 2016, \u00e0 20h30, \u00e0 la Fondation de l&#8217;Allemagne, Cit\u00e9 universitaire, 17 boulevard Jourdan, 75014 Paris.<\/p>\n<p>&nbsp;<\/p>\n<p class=\"p1\"><i>Je suis un h\u00e9ros, j&#8217;ai jamais tu\u00e9 un bougnoul. <\/i>\u00c7a commence comme \u00e7a. Une phrase coup de poing qui ne laisse pas insensible. Qu&#8217;est-ce que \u00e7a veut dire ? Que veut dire cet homme ? A partir de son histoire intime, la narratrice interroge le silence de son p\u00e8re et les blancs de l&#8217;Histoire : la guerre d&#8217;Alg\u00e9rie ne s&#8217;arr\u00eate pas avec les accords d&#8217;Evian, elle se poursuit dans les corps des soldats, des \u00e9pouses, des enfants.<\/p>\n<p class=\"p1\">Ce r\u00e9cit de Claire Tencin m\u00eale la voix du p\u00e8re et celle de la fille et reconstruit une m\u00e9moire autour de la table familiale, lieu de l&#8217;espace sc\u00e9nique et de la chor\u00e9graphie des corps bless\u00e9s, aphasiques, r\u00e9volt\u00e9s. Les com\u00e9diens sont tant\u00f4t les personnages, tant\u00f4t les voix de ce r\u00e9cit tout \u00e0 la fois brutal, comique, tendre et politique.<\/p>\n<p class=\"p1\">Nous voulons donner \u00e0 voir cette exp\u00e9rience visc\u00e9rale, donner \u00e0 voir cette narration autobiographique qui questionne la soci\u00e9t\u00e9 d&#8217;hier et singuli\u00e8rement la n\u00f4tre, aujourd&#8217;hui.<\/p>\n<p class=\"p1\">Deux com\u00e9diens sur sc\u00e8ne recr\u00e9ent un dialogue fictif entre le p\u00e8re et la fille, le pass\u00e9 et le pr\u00e9sent, dans une distance au r\u00e9el qui n&#8217;exclut ni violence, ni amour, ni jeu.<\/p>\n<p class=\"p1\">\n<p><iframe loading=\"lazy\" width=\"560\" height=\"315\" src=\"https:\/\/www.youtube.com\/embed\/V9LL5XxekEE\" frameborder=\"0\" allowfullscreen><\/iframe><\/p>\n","protected":false},"excerpt":{"rendered":"<p>Nous vous invitons au spectacle &#8220;Notre h\u00e9ros&#8221; adapt\u00e9 du r\u00e9cit de Claire Tencin et jou\u00e9 par deux com\u00e9diens, Aur\u00e9lien Huguenin et Jihane Saouma, le mercredi 7 d\u00e9cembre 2016, \u00e0 20h30, \u00e0 la Fondation de l&#8217;Allemagne, Cit\u00e9 universitaire, 17 boulevard Jourdan, 75014 Paris. &nbsp; Je suis un h\u00e9ros, j&#8217;ai jamais tu\u00e9 un bougnoul. \u00c7a commence comme &hellip; <a href=\"https:\/\/toi-tu.eu.org\/index.php\/2016\/11\/09\/spectacle-notre-heros-a-la-fondation-de-lallemagne\/\" class=\"more-link\">Continue reading<span class=\"screen-reader-text\"> &#8220;Spectacle &#8220;Notre h\u00e9ros&#8221; \u00e0 la fondation de l&#8217;Allemagne&#8221;<\/span><\/a><\/p>\n","protected":false},"author":2,"featured_media":0,"comment_status":"open","ping_status":"open","sticky":false,"template":"","format":"standard","meta":[],"categories":[1],"tags":[],"_links":{"self":[{"href":"https:\/\/toi-tu.eu.org\/index.php\/wp-json\/wp\/v2\/posts\/6"}],"collection":[{"href":"https:\/\/toi-tu.eu.org\/index.php\/wp-json\/wp\/v2\/posts"}],"about":[{"href":"https:\/\/toi-tu.eu.org\/index.php\/wp-json\/wp\/v2\/types\/post"}],"author":[{"embeddable":true,"href":"https:\/\/toi-tu.eu.org\/index.php\/wp-json\/wp\/v2\/users\/2"}],"replies":[{"embeddable":true,"href":"https:\/\/toi-tu.eu.org\/index.php\/wp-json\/wp\/v2\/comments?post=6"}],"version-history":[{"count":3,"href":"https:\/\/toi-tu.eu.org\/index.php\/wp-json\/wp\/v2\/posts\/6\/revisions"}],"predecessor-version":[{"id":11,"href":"https:\/\/toi-tu.eu.org\/index.php\/wp-json\/wp\/v2\/posts\/6\/revisions\/11"}],"wp:attachment":[{"href":"https:\/\/toi-tu.eu.org\/index.php\/wp-json\/wp\/v2\/media?parent=6"}],"wp:term":[{"taxonomy":"category","embeddable":true,"href":"https:\/\/toi-tu.eu.org\/index.php\/wp-json\/wp\/v2\/categories?post=6"},{"taxonomy":"post_tag","embeddable":true,"href":"https:\/\/toi-tu.eu.org\/index.php\/wp-json\/wp\/v2\/tags?post=6"}],"curies":[{"name":"wp","href":"https:\/\/api.w.org\/{rel}","templated":true}]}}