{"id":12,"date":"2019-12-03T22:51:16","date_gmt":"2019-12-03T21:51:16","guid":{"rendered":"https:\/\/toi-tu.eu.org\/?p=12"},"modified":"2019-12-03T22:51:16","modified_gmt":"2019-12-03T21:51:16","slug":"elle-est-partie-ou-la-guerre","status":"publish","type":"post","link":"https:\/\/toi-tu.eu.org\/index.php\/2019\/12\/03\/elle-est-partie-ou-la-guerre\/","title":{"rendered":"Elle est partie o\u00f9 la guerre ?"},"content":{"rendered":"\n<p>C&#8217;est avec grande joie que je vous convie au prochain spectacle de la Compagnie Toi-Tu, <em>Elle est partie o\u00f9 la guerre<\/em>, le samedi 7 d\u00e9cembre prochain \u00e0 20 h \u00e0 la <em>Maison de l&#8217;Allemagne, Fondation Heinrich Heine<\/em>, au 27 boulevard Jourdan, 75014 Paris.<\/p>\n\n\n\n<p>Vous trouverez ci-dessous la note d&#8217;intention.<\/p>\n\n\n\n<h2 class=\"wp-block-heading\">Elle est partie o\u00f9 la guerre ?<\/h2>\n\n\n\n<blockquote class=\"wp-block-quote\"><p>\u00ab -Pourquoi tu es venue en France ?<\/p><p>&#8211; \u00c0 cause de la guerre au Liban.<\/p><p>&#8211; Et maintenant il n&#8217;y a plus la guerre au Liban ?<\/p><p>&#8211; Non, elle est finie.<\/p><p>&#8211; Elle est partie o\u00f9 la guerre ? \u00bb<\/p><\/blockquote>\n\n\n\n<p>Cet \u00e9change avec ma fille Ir\u00e8ne date de 2008. Je tombe dessus par hasard dans un carnet o\u00f9 je l\u2019avais recopi\u00e9 : pourquoi ? Surgit alors le d\u00e9sir de r\u00e9pondre \u00e0 cette question, \u00e0 celle de mon enfant, de l\u2019enfant que j\u2019ai \u00e9t\u00e9, de tous les enfants, parce que l\u2019enfance est \u00ab un couteau plant\u00e9 dans la gorge \u00bb et que la n\u00e9cessit\u00e9 d\u2019y retourner un peu m\u2019a frapp\u00e9e au corps.<\/p>\n\n\n\n<p>Ce monologue a \u00e9t\u00e9 \u00e9crit par Xavier Briend \u00e0 partir de mat\u00e9riaux biographiques que je lui ai confi\u00e9s. Ils\u2019en est empar\u00e9 librement, il a imagin\u00e9, invent\u00e9, recr\u00e9\u00e9 mais tout est vrai.<\/p>\n\n\n\n<p>Jihane Saouma<\/p>\n\n\n\n<p>Compagnie Toi-Tu<\/p>\n","protected":false},"excerpt":{"rendered":"<p>C&#8217;est avec grande joie que je vous convie au prochain spectacle de la Compagnie Toi-Tu, Elle est partie o\u00f9 la guerre, le samedi 7 d\u00e9cembre prochain \u00e0 20 h \u00e0 la Maison de l&#8217;Allemagne, Fondation Heinrich Heine, au 27 boulevard Jourdan, 75014 Paris. Vous trouverez ci-dessous la note d&#8217;intention. Elle est partie o\u00f9 la guerre &hellip; <a href=\"https:\/\/toi-tu.eu.org\/index.php\/2019\/12\/03\/elle-est-partie-ou-la-guerre\/\" class=\"more-link\">Continue reading<span class=\"screen-reader-text\"> &#8220;Elle est partie o\u00f9 la guerre ?&#8221;<\/span><\/a><\/p>\n","protected":false},"author":1,"featured_media":0,"comment_status":"open","ping_status":"open","sticky":false,"template":"","format":"standard","meta":[],"categories":[1],"tags":[],"_links":{"self":[{"href":"https:\/\/toi-tu.eu.org\/index.php\/wp-json\/wp\/v2\/posts\/12"}],"collection":[{"href":"https:\/\/toi-tu.eu.org\/index.php\/wp-json\/wp\/v2\/posts"}],"about":[{"href":"https:\/\/toi-tu.eu.org\/index.php\/wp-json\/wp\/v2\/types\/post"}],"author":[{"embeddable":true,"href":"https:\/\/toi-tu.eu.org\/index.php\/wp-json\/wp\/v2\/users\/1"}],"replies":[{"embeddable":true,"href":"https:\/\/toi-tu.eu.org\/index.php\/wp-json\/wp\/v2\/comments?post=12"}],"version-history":[{"count":3,"href":"https:\/\/toi-tu.eu.org\/index.php\/wp-json\/wp\/v2\/posts\/12\/revisions"}],"predecessor-version":[{"id":15,"href":"https:\/\/toi-tu.eu.org\/index.php\/wp-json\/wp\/v2\/posts\/12\/revisions\/15"}],"wp:attachment":[{"href":"https:\/\/toi-tu.eu.org\/index.php\/wp-json\/wp\/v2\/media?parent=12"}],"wp:term":[{"taxonomy":"category","embeddable":true,"href":"https:\/\/toi-tu.eu.org\/index.php\/wp-json\/wp\/v2\/categories?post=12"},{"taxonomy":"post_tag","embeddable":true,"href":"https:\/\/toi-tu.eu.org\/index.php\/wp-json\/wp\/v2\/tags?post=12"}],"curies":[{"name":"wp","href":"https:\/\/api.w.org\/{rel}","templated":true}]}}